{"id":755,"date":"2018-03-30T14:15:51","date_gmt":"2018-03-30T12:15:51","guid":{"rendered":"http:\/\/bvbsalzbergen.de\/?p=755"},"modified":"2018-04-03T10:22:30","modified_gmt":"2018-04-03T08:22:30","slug":"artikel-zu-jahreshauptversammlung","status":"publish","type":"post","link":"https:\/\/bvbsalzbergen.de\/?p=755","title":{"rendered":"Artikel zur Jahreshauptversammlung"},"content":{"rendered":"<p class=\"m_7074290554366531671ydpbfbe06deMsoNormal\">BVB Legende Siggi Held und Fanbeauftragte Petra St\u00fcker zu Gast beim BVB Fanclub Salzbergen<\/p>\n<p class=\"m_7074290554366531671ydpbfbe06deMsoNormal\">Im Rahmen der diesj\u00e4hrigen Jahreshauptversammlung, die letzten Samstag den 23.03.2018 um 19:09Uhr in dem Dorfgemeinschaftshaus in Steide stattfand, erwartete der Fanclub hohen Besuch.<\/p>\n<p class=\"m_7074290554366531671ydpbfbe06deMsoNormal\">BVB Legende Siggi Held und Fanbeauftragte Petra St\u00fcker hatten sich f\u00fcr die Veranstaltung angek\u00fcndigt. F\u00fcr Borussia Dortmund absolvierte Siggi Held zwischen 1965 und 1971 sowie zwischen 1977 und 1979 insgesamt 229 Bundesligaspiele und erzielte dabei 43 Tore. Die Saison 1965\/66 war f\u00fcr ihn recht beeindruckend: Er wurde Bundesliga-Vizemeister, Nationalspieler, gewann den Europapokal und wurde Vizeweltmeister bei der WM in England. Petra St\u00fcker betreut seit 1988 die beim BVB eingetragenen Fanclubs. Die M\u00f6glichkeit f\u00fcr Gespr\u00e4che oder Autogrammanfragen wurden von zahlreichen Fanclubmitgliedern genutzt.<\/p>\n<p class=\"m_7074290554366531671ydpbfbe06deMsoNormal\">Seit der Gr\u00fcndung im April\u00a02016 baut der BVB Fanclub Salzbergen durch sein positives Image und die Liebe zum Verein stetig neue Mitglieder auf und geh\u00f6rt mittlerweile mit zu den gr\u00f6\u00dften Fanclubs in Niedersachsen. Jeder ist herzlich willkommen! Es werden regelm\u00e4\u00dfige Fahrten zum sch\u00f6nsten Stadion der Welt angeboten.<\/p>\n<p class=\"m_7074290554366531671ydpbfbe06deMsoNormal\">Besonders hervorzuheben sind die zahlreichen durchgef\u00fchrten Aktionen und das soziale Engagement des Fanclubs.<\/p>\n<p class=\"m_7074290554366531671ydpbfbe06deMsoNormal\">Bei den Neuwahlen\u00a0\u00a0des Vorstandes gab es keine Ver\u00e4nderungen. Somit wurde Frank Wagemaker als 1. Vorsitzender, Thomas Horstkamp als 2. Vorsitzender, Reiner Horstkamp als Kassierer und Nicole Gillmann als Schriftf\u00fchrerin weiterhin im Amt einstimmig best\u00e4tigt. Neu besetzt wurde das Amt der Kassenpr\u00fcfer.\u00a0\u00a0Christian Kopel und Stefan Thiel \u00fcbernehmen das neue Amt f\u00fcr die n\u00e4chsten 2 Jahre.<\/p>\n<p class=\"m_7074290554366531671ydpbfbe06deMsoNormal\">\u00a0Weitergehende Informationen unter\u00a0<a href=\"https:\/\/www.bvbsalzbergen.de\/\" target=\"_blank\" rel=\"nofollow noopener\" data-saferedirecturl=\"https:\/\/www.google.com\/url?hl=de&amp;q=https:\/\/www.bvbsalzbergen.de&amp;source=gmail&amp;ust=1522498318743000&amp;usg=AFQjCNGqkn0SLLdHdRgVSZEdxSxgmfju6A\">www.bvbsalzbergen.de<\/a><\/p>\n<p class=\"m_7074290554366531671ydpbfbe06deMsoNormal\">Interessierte k\u00f6nnen sich gerne per E-Mail unter\u00a0<a href=\"mailto:info@bvbsalzbergen.de\" target=\"_blank\" rel=\"nofollow noopener\">info@bvbsalzbergen.de<\/a>\u00a0oder \u00fcber die Homepage\u00a0<a href=\"https:\/\/www.bvbsalzbergen.de\/\" target=\"_blank\" rel=\"nofollow noopener\" data-saferedirecturl=\"https:\/\/www.google.com\/url?hl=de&amp;q=https:\/\/www.bvbsalzbergen.de&amp;source=gmail&amp;ust=1522498318743000&amp;usg=AFQjCNGqkn0SLLdHdRgVSZEdxSxgmfju6A\">www.bvbsalzbergen.de<\/a>\u00a0mit dem Fanclub in Verbindung setzen.<\/p>\n","protected":false},"excerpt":{"rendered":"<p>BVB Legende Siggi Held und Fanbeauftragte Petra St\u00fcker zu Gast beim BVB Fanclub Salzbergen Im Rahmen der diesj\u00e4hrigen Jahreshauptversammlung, die letzten Samstag den 23.03.2018 um 19:09Uhr in dem Dorfgemeinschaftshaus in [&hellip;]<\/p>\n","protected":false},"author":3,"featured_media":756,"comment_status":"open","ping_status":"open","sticky":false,"template":"","format":"standard","meta":{"jetpack_post_was_ever_published":false,"_jetpack_newsletter_access":"","_jetpack_dont_email_post_to_subs":false,"_jetpack_newsletter_tier_id":0,"_jetpack_memberships_contains_paywalled_content":false,"_jetpack_memberships_contains_paid_content":false,"footnotes":"","jetpack_publicize_message":"","jetpack_publicize_feature_enabled":true,"jetpack_social_post_already_shared":true,"jetpack_social_options":{"image_generator_settings":{"template":"highway","default_image_id":0,"font":"","enabled":false},"version":2}},"categories":[1],"tags":[],"class_list":["post-755","post","type-post","status-publish","format-standard","has-post-thumbnail","hentry","category-allgemein","clearfix"],"jetpack_publicize_connections":[],"jetpack_featured_media_url":"https:\/\/bvbsalzbergen.de\/wp-content\/uploads\/2018\/03\/P1100704.jpg","jetpack_sharing_enabled":true,"jetpack_shortlink":"https:\/\/wp.me\/p7lj6g-cb","_links":{"self":[{"href":"https:\/\/bvbsalzbergen.de\/index.php?rest_route=\/wp\/v2\/posts\/755","targetHints":{"allow":["GET"]}}],"collection":[{"href":"https:\/\/bvbsalzbergen.de\/index.php?rest_route=\/wp\/v2\/posts"}],"about":[{"href":"https:\/\/bvbsalzbergen.de\/index.php?rest_route=\/wp\/v2\/types\/post"}],"author":[{"embeddable":true,"href":"https:\/\/bvbsalzbergen.de\/index.php?rest_route=\/wp\/v2\/users\/3"}],"replies":[{"embeddable":true,"href":"https:\/\/bvbsalzbergen.de\/index.php?rest_route=%2Fwp%2Fv2%2Fcomments&post=755"}],"version-history":[{"count":2,"href":"https:\/\/bvbsalzbergen.de\/index.php?rest_route=\/wp\/v2\/posts\/755\/revisions"}],"predecessor-version":[{"id":764,"href":"https:\/\/bvbsalzbergen.de\/index.php?rest_route=\/wp\/v2\/posts\/755\/revisions\/764"}],"wp:featuredmedia":[{"embeddable":true,"href":"https:\/\/bvbsalzbergen.de\/index.php?rest_route=\/wp\/v2\/media\/756"}],"wp:attachment":[{"href":"https:\/\/bvbsalzbergen.de\/index.php?rest_route=%2Fwp%2Fv2%2Fmedia&parent=755"}],"wp:term":[{"taxonomy":"category","embeddable":true,"href":"https:\/\/bvbsalzbergen.de\/index.php?rest_route=%2Fwp%2Fv2%2Fcategories&post=755"},{"taxonomy":"post_tag","embeddable":true,"href":"https:\/\/bvbsalzbergen.de\/index.php?rest_route=%2Fwp%2Fv2%2Ftags&post=755"}],"curies":[{"name":"wp","href":"https:\/\/api.w.org\/{rel}","templated":true}]}}