{"id":608,"date":"2017-08-25T15:34:13","date_gmt":"2017-08-25T13:34:13","guid":{"rendered":"http:\/\/bvbsalzbergen.de\/?p=608"},"modified":"2017-08-25T15:34:13","modified_gmt":"2017-08-25T13:34:13","slug":"fanclub-bei-fandelegiertentagung-in-dortmund","status":"publish","type":"post","link":"https:\/\/bvbsalzbergen.de\/?p=608","title":{"rendered":"Fanclub bei Fandelegiertentagung in Dortmund"},"content":{"rendered":"<p>Am Dienstag (22.08) war der Fanclub mit zwei Mitgliedern bei der\u00a0Fandelegiertentagung im Stadion vertreten.<\/p>\n<p>Mit zehn Minuten Versp\u00e4tung ging es um 19:10 los.<\/p>\n<p>Die Tagesordnung sah wie folgt aus:<\/p>\n<ol>\n<li>Begr\u00fc\u00dfung<\/li>\n<li>Aktuelles aus der Abteilung Fanangelegenheiten<\/li>\n<li>Besuch Hans-Joachim Watzke<\/li>\n<li>Bericht des Fanrats<\/li>\n<li>Neues zum Fanclubtool<\/li>\n<\/ol>\n<p>Nach einer kurzen Begr\u00fc\u00dfung \u00fcbernahm Norbert Dickel die sportliche Podiumsdiskussion mit Trainer Peter Bosz und Gesch\u00e4ftsf\u00fchrer Aki Watzke. Insgesamt waren \u00fcber 800 Fanclubmitglieder von ca. 420 Fanclubs vertreten. Die weiteste Anreise hatte wohl ein Vertreter eines Fanclub aus dem Iran.<\/p>\n<p>Bei den sportlichen Themen ging es nat\u00fcrlich um noch m\u00f6gliche Ab- als auch Zug\u00e4nge. Weiterhin wurde immer wieder erw\u00e4hnt, dass wieder sehr viel Freude in das Training und die Mannschaft zur\u00fcck gekehrt sei und man sehr fokussiert arbeiten k\u00f6nnte.<\/p>\n<p>Nachdem sich Trainer und Gesch\u00e4ftsf\u00fchrer verabschiedet hatten, ging es weiter mit Fanangelegenheiten (Ticketing, Fahnenparade etc.).<\/p>\n<p>Der Abschied bildete ein Foto mit allen Vertretern, BVB-Legende Siggi Held und dem DFB-Pokal auf der Nordtrib\u00fcne (siehe Beitragsbild).<\/p>\n<p>Hinweis: Viele kennen den Fanrat nicht. Auf der Homepage des BVB kann man sich \u00fcber seine Arbeit informieren. Der Link hierzu:\u00a0<em><span style=\"color: #808080;\"><a style=\"color: #808080;\" href=\"http:\/\/www.bvb.de\/Fans\/Fanrat\/Aktuell\">Fanrat BVB<\/a><\/span><\/em><\/p>\n<p>Der Bericht des BVB zurFandelegiertentagung findet ihr hier:\u00a0<em><span style=\"color: #808080;\"><a style=\"color: #808080;\" href=\"http:\/\/www.bvb.de\/Fans\/News\/Ueber-420-Fanclubs-bei-Fandelegiertentagung\">Fandelegiertentagung<\/a><\/span><\/em><\/p>\n<p>&nbsp;<\/p>\n<p>&nbsp;<\/p>\n","protected":false},"excerpt":{"rendered":"<p>Am Dienstag (22.08) war der Fanclub mit zwei Mitgliedern bei der\u00a0Fandelegiertentagung im Stadion vertreten. Mit zehn Minuten Versp\u00e4tung ging es um 19:10 los. Die Tagesordnung sah wie folgt aus: Begr\u00fc\u00dfung [&hellip;]<\/p>\n","protected":false},"author":3,"featured_media":609,"comment_status":"open","ping_status":"open","sticky":false,"template":"","format":"standard","meta":{"jetpack_post_was_ever_published":false,"_jetpack_newsletter_access":"","_jetpack_dont_email_post_to_subs":false,"_jetpack_newsletter_tier_id":0,"_jetpack_memberships_contains_paywalled_content":false,"_jetpack_memberships_contains_paid_content":false,"footnotes":"","jetpack_publicize_message":"","jetpack_publicize_feature_enabled":true,"jetpack_social_post_already_shared":true,"jetpack_social_options":{"image_generator_settings":{"template":"highway","default_image_id":0,"font":"","enabled":false},"version":2}},"categories":[1],"tags":[],"class_list":["post-608","post","type-post","status-publish","format-standard","has-post-thumbnail","hentry","category-allgemein","clearfix"],"jetpack_publicize_connections":[],"jetpack_featured_media_url":"https:\/\/bvbsalzbergen.de\/wp-content\/uploads\/2017\/08\/WhatsApp-Image-2017-08-25-at-12.23.48.jpeg","jetpack_sharing_enabled":true,"jetpack_shortlink":"https:\/\/wp.me\/p7lj6g-9O","_links":{"self":[{"href":"https:\/\/bvbsalzbergen.de\/index.php?rest_route=\/wp\/v2\/posts\/608","targetHints":{"allow":["GET"]}}],"collection":[{"href":"https:\/\/bvbsalzbergen.de\/index.php?rest_route=\/wp\/v2\/posts"}],"about":[{"href":"https:\/\/bvbsalzbergen.de\/index.php?rest_route=\/wp\/v2\/types\/post"}],"author":[{"embeddable":true,"href":"https:\/\/bvbsalzbergen.de\/index.php?rest_route=\/wp\/v2\/users\/3"}],"replies":[{"embeddable":true,"href":"https:\/\/bvbsalzbergen.de\/index.php?rest_route=%2Fwp%2Fv2%2Fcomments&post=608"}],"version-history":[{"count":6,"href":"https:\/\/bvbsalzbergen.de\/index.php?rest_route=\/wp\/v2\/posts\/608\/revisions"}],"predecessor-version":[{"id":615,"href":"https:\/\/bvbsalzbergen.de\/index.php?rest_route=\/wp\/v2\/posts\/608\/revisions\/615"}],"wp:featuredmedia":[{"embeddable":true,"href":"https:\/\/bvbsalzbergen.de\/index.php?rest_route=\/wp\/v2\/media\/609"}],"wp:attachment":[{"href":"https:\/\/bvbsalzbergen.de\/index.php?rest_route=%2Fwp%2Fv2%2Fmedia&parent=608"}],"wp:term":[{"taxonomy":"category","embeddable":true,"href":"https:\/\/bvbsalzbergen.de\/index.php?rest_route=%2Fwp%2Fv2%2Fcategories&post=608"},{"taxonomy":"post_tag","embeddable":true,"href":"https:\/\/bvbsalzbergen.de\/index.php?rest_route=%2Fwp%2Fv2%2Ftags&post=608"}],"curies":[{"name":"wp","href":"https:\/\/api.w.org\/{rel}","templated":true}]}}